{"id":1472,"date":"2026-02-06T11:47:34","date_gmt":"2026-02-06T10:47:34","guid":{"rendered":"https:\/\/vrtecskofije.splet.arnes.si\/?p=1472"},"modified":"2026-02-06T12:03:45","modified_gmt":"2026-02-06T11:03:45","slug":"vabilo-k-vpisu-predsolskih-otrok-v-vrtec-za-solsko-leto-2025-26","status":"publish","type":"post","link":"https:\/\/vrtecskofije.splet.arnes.si\/?p=1472","title":{"rendered":"VABILO K VPISU PRED\u0160OLSKIH OTROK V VRTEC ZA \u0160OLSKO LETO 2026\/27"},"content":{"rendered":"<p>Obve\u0161\u010damo vas, da poteka vpis v vse javne vrtce, ki izvajajo javno slu\u017ebo v Mestni ob\u010dini Koper do ponedeljka, 2. 3. 2026.<\/p>\n<p>Vlogo za sprejem otroka dobite na sede\u017eu na\u0161ega vrtca, na spletni strani vrtca in spletni strani Mestne ob\u010dine Koper.&nbsp;Izpolnjeno vlogo lahko oddate:<\/p>\n<p><img loading=\"lazy\" decoding=\"async\" class=\" wp-image-1473 alignright\" src=\"https:\/\/vrtecskofije.splet.arnes.si\/files\/2026\/02\/vrtec-vpis.png\" alt=\"\" width=\"322\" height=\"250\" srcset=\"https:\/\/vrtecskofije.splet.arnes.si\/files\/2026\/02\/vrtec-vpis.png 382w, https:\/\/vrtecskofije.splet.arnes.si\/files\/2026\/02\/vrtec-vpis-300x233.png 300w\" sizes=\"auto, (max-width: 322px) 100vw, 322px\" \/><\/p>\n<ul class=\"wp-block-list\">\n<li data-cya11y-org-font-size=\"14\">Elektronsko: preko portala eUprava na povezavi:&nbsp; <a href=\"https:\/\/e-uprava.gov.si\/si\/podrocja\/drzava-druzba\/storitve-obcin\/vpis-v-javne-vrtce-mestne-obcine-koper.html\">eUprava \u2013 Vpis v javne vrtce Mestne ob\u010dine Koper<\/a>:<\/li>\n<li data-cya11y-org-font-size=\"14\">Osebno na sede\u017eu vrtca &#8211; tajni\u0161tvo O\u0160 Oskarja Kova\u010di\u010da \u0160kofije<\/li>\n<\/ul>\n<p style=\"text-align: left\"><a href=\"https:\/\/vrtecskofije.splet.arnes.si\/?page_id=432\" target=\"_blank\" rel=\"noopener\"><span style=\"color: #ff9900\"><span style=\"color: #ff6600\">\u0160e ve\u010d informacij &#8211; tukaj na povezavi<\/span><\/span><\/a><\/p>\n<p style=\"text-align: left\"><span style=\"color: #ff6600\"><a style=\"color: #ff6600\" href=\"https:\/\/vrtecskofije.splet.arnes.si\/files\/2026\/02\/vpis-v-vrtec-2026-27.pdf\" target=\"_blank\" rel=\"noopener\">Seznam in kontakti vrtcev Mestne ob\u010dine Koper (pdf)<\/a><\/span><\/p>\n<p style=\"text-align: left\"><strong>Vabljeni k vpisu!<\/strong><\/p>\n<p>&nbsp;<\/p>\n<p>&nbsp;<\/p>\n<p>&nbsp;<\/p>\n","protected":false},"excerpt":{"rendered":"<p>Obve\u0161\u010damo vas, da poteka vpis v vse javne vrtce, ki izvajajo javno slu\u017ebo v Mestni ob\u010dini Koper do ponedeljka, 2. 3. 2026. Vlogo za sprejem otroka dobite na sede\u017eu na\u0161ega [&hellip;]<\/p>\n","protected":false},"author":58769,"featured_media":0,"comment_status":"open","ping_status":"open","sticky":false,"template":"","format":"standard","meta":{"ngg_post_thumbnail":0,"footnotes":""},"categories":[1],"tags":[],"class_list":["post-1472","post","type-post","status-publish","format-standard","hentry","category-nekategorizirano"],"_links":{"self":[{"href":"https:\/\/vrtecskofije.splet.arnes.si\/index.php?rest_route=\/wp\/v2\/posts\/1472","targetHints":{"allow":["GET"]}}],"collection":[{"href":"https:\/\/vrtecskofije.splet.arnes.si\/index.php?rest_route=\/wp\/v2\/posts"}],"about":[{"href":"https:\/\/vrtecskofije.splet.arnes.si\/index.php?rest_route=\/wp\/v2\/types\/post"}],"author":[{"embeddable":true,"href":"https:\/\/vrtecskofije.splet.arnes.si\/index.php?rest_route=\/wp\/v2\/users\/58769"}],"replies":[{"embeddable":true,"href":"https:\/\/vrtecskofije.splet.arnes.si\/index.php?rest_route=%2Fwp%2Fv2%2Fcomments&post=1472"}],"version-history":[{"count":12,"href":"https:\/\/vrtecskofije.splet.arnes.si\/index.php?rest_route=\/wp\/v2\/posts\/1472\/revisions"}],"predecessor-version":[{"id":1487,"href":"https:\/\/vrtecskofije.splet.arnes.si\/index.php?rest_route=\/wp\/v2\/posts\/1472\/revisions\/1487"}],"wp:attachment":[{"href":"https:\/\/vrtecskofije.splet.arnes.si\/index.php?rest_route=%2Fwp%2Fv2%2Fmedia&parent=1472"}],"wp:term":[{"taxonomy":"category","embeddable":true,"href":"https:\/\/vrtecskofije.splet.arnes.si\/index.php?rest_route=%2Fwp%2Fv2%2Fcategories&post=1472"},{"taxonomy":"post_tag","embeddable":true,"href":"https:\/\/vrtecskofije.splet.arnes.si\/index.php?rest_route=%2Fwp%2Fv2%2Ftags&post=1472"}],"curies":[{"name":"wp","href":"https:\/\/api.w.org\/{rel}","templated":true}]}}